{"id":3073,"date":"2020-02-07T19:50:38","date_gmt":"2020-02-07T19:50:38","guid":{"rendered":"https:\/\/www.tkk.net.pl\/?p=3073"},"modified":"2020-02-07T19:50:39","modified_gmt":"2020-02-07T19:50:39","slug":"oscary-2020-juz-9-lutego","status":"publish","type":"post","link":"https:\/\/www.tkk.net.pl\/index.php\/2020\/02\/07\/oscary-2020-juz-9-lutego\/","title":{"rendered":"Oscary 2020 ju\u017c 9 lutego"},"content":{"rendered":"<p>E! na \u017cywo z czerwonego dywanu: Oscary 2020 \u2013 niedziela 9 lutego<\/p>\n<p>Trwa sezon imprez nagradzaj\u0105cych dokonania artyst\u00f3w ze \u015bwiata filmu, telewizji oraz muzyki. Kana\u0142 E! jak zawsze przy ich okazji zapewni gor\u0105ce relacje z czerwonego dywanu.<\/p>\n<p>9 lutego gospodarze programu powitaj\u0105 przybywaj\u0105cych na rozdanie nagr\u00f3d go\u015bci 92. ceremonii wr\u0119czenia Oscar\u00f3w.<\/p>\n<p>Wydarzenia to niezwyk\u0142a okazja obejrzenia swoich ulubie\u0144c\u00f3w w bajecznych kreacjach stworzonych przez wybitnych projektant\u00f3w mody.<\/p>\n\n\n<figure class=\"wp-block-image\"><img loading=\"lazy\" decoding=\"async\" width=\"1024\" height=\"768\" src=\"https:\/\/www.tkk.net.pl\/wp-content\/uploads\/2020\/02\/1200x900-1024x768.jpg\" alt=\"\" class=\"wp-image-3076\" srcset=\"https:\/\/www.tkk.net.pl\/wp-content\/uploads\/2020\/02\/1200x900-1024x768.jpg 1024w, https:\/\/www.tkk.net.pl\/wp-content\/uploads\/2020\/02\/1200x900-300x225.jpg 300w, https:\/\/www.tkk.net.pl\/wp-content\/uploads\/2020\/02\/1200x900-768x576.jpg 768w, https:\/\/www.tkk.net.pl\/wp-content\/uploads\/2020\/02\/1200x900.jpg 1200w\" sizes=\"(max-width: 1024px) 100vw, 1024px\" \/><\/figure>\n","protected":false},"excerpt":{"rendered":"<p>E! na \u017cywo z czerwonego dywanu: Oscary 2020 \u2013 niedziela 9 lutego Trwa sezon imprez nagradzaj\u0105cych dokonania artyst\u00f3w ze \u015bwiata filmu, telewizji oraz muzyki. Kana\u0142 E! jak zawsze przy ich okazji zapewni gor\u0105ce relacje z czerwonego dywanu. 9 lutego gospodarze programu powitaj\u0105 przybywaj\u0105cych na rozdanie nagr\u00f3d go\u015bci 92. ceremonii wr\u0119czenia Oscar\u00f3w. Wydarzenia to niezwyk\u0142a okazja [&hellip;]<\/p>\n","protected":false},"author":1,"featured_media":0,"comment_status":"closed","ping_status":"closed","sticky":false,"template":"","format":"standard","meta":{"footnotes":""},"categories":[3],"tags":[],"class_list":["post-3073","post","type-post","status-publish","format-standard","hentry","category-aktualnosci"],"_links":{"self":[{"href":"https:\/\/www.tkk.net.pl\/index.php\/wp-json\/wp\/v2\/posts\/3073"}],"collection":[{"href":"https:\/\/www.tkk.net.pl\/index.php\/wp-json\/wp\/v2\/posts"}],"about":[{"href":"https:\/\/www.tkk.net.pl\/index.php\/wp-json\/wp\/v2\/types\/post"}],"author":[{"embeddable":true,"href":"https:\/\/www.tkk.net.pl\/index.php\/wp-json\/wp\/v2\/users\/1"}],"replies":[{"embeddable":true,"href":"https:\/\/www.tkk.net.pl\/index.php\/wp-json\/wp\/v2\/comments?post=3073"}],"version-history":[{"count":1,"href":"https:\/\/www.tkk.net.pl\/index.php\/wp-json\/wp\/v2\/posts\/3073\/revisions"}],"predecessor-version":[{"id":3079,"href":"https:\/\/www.tkk.net.pl\/index.php\/wp-json\/wp\/v2\/posts\/3073\/revisions\/3079"}],"wp:attachment":[{"href":"https:\/\/www.tkk.net.pl\/index.php\/wp-json\/wp\/v2\/media?parent=3073"}],"wp:term":[{"taxonomy":"category","embeddable":true,"href":"https:\/\/www.tkk.net.pl\/index.php\/wp-json\/wp\/v2\/categories?post=3073"},{"taxonomy":"post_tag","embeddable":true,"href":"https:\/\/www.tkk.net.pl\/index.php\/wp-json\/wp\/v2\/tags?post=3073"}],"curies":[{"name":"wp","href":"https:\/\/api.w.org\/{rel}","templated":true}]}}