{"id":3091,"date":"2020-03-02T12:03:48","date_gmt":"2020-03-02T12:03:48","guid":{"rendered":"https:\/\/www.tkk.net.pl\/?p=3091"},"modified":"2020-03-02T12:03:49","modified_gmt":"2020-03-02T12:03:49","slug":"drugi-sezon-koroner","status":"publish","type":"post","link":"https:\/\/www.tkk.net.pl\/index.php\/2020\/03\/02\/drugi-sezon-koroner\/","title":{"rendered":"Drugi sezon &#8222;Koroner&#8221;"},"content":{"rendered":"\n<figure class=\"wp-block-image\"><img loading=\"lazy\" decoding=\"async\" width=\"1024\" height=\"768\" src=\"https:\/\/www.tkk.net.pl\/wp-content\/uploads\/2020\/03\/Koroner_S2_FB_1200x900-1024x768.jpg\" alt=\"\" class=\"wp-image-3094\" srcset=\"https:\/\/www.tkk.net.pl\/wp-content\/uploads\/2020\/03\/Koroner_S2_FB_1200x900-1024x768.jpg 1024w, https:\/\/www.tkk.net.pl\/wp-content\/uploads\/2020\/03\/Koroner_S2_FB_1200x900-300x225.jpg 300w, https:\/\/www.tkk.net.pl\/wp-content\/uploads\/2020\/03\/Koroner_S2_FB_1200x900-768x576.jpg 768w, https:\/\/www.tkk.net.pl\/wp-content\/uploads\/2020\/03\/Koroner_S2_FB_1200x900.jpg 1200w\" sizes=\"(max-width: 1024px) 100vw, 1024px\" \/><\/figure>\n\n\n\n<p><strong>2. SEZON KORONER <\/strong>&#8211; wtorki o 21:00, od 3 marca<\/p>\n\n\n\n<p><strong>Jenny\n Cooper (Serinda Swan), koroner z Toronto, powraca w drugim sezonie \nkanadyjskiego serialu kryminalnego opartego na bestsellerowych \npowie\u015bciach M.R. Halla.<\/strong><\/p>\n\n\n\n<p><strong>W\n pracy Jenny mo\u017ce liczy\u0107 na wsparcie policjanta z wydzia\u0142u zab\u00f3jstw, \nDonovana McAvoya (Roger Cross), ale kobieta musi te\u017c si\u0119 upora\u0107 z \nproblemami osobistymi.<\/strong><\/p>\n\n\n\n<p><strong>Niekt\u00f3re\n z prowadzonych przez ni\u0105 \u015bledztw dotyczy\u0107 b\u0119d\u0105 strasznego w skutkach \npo\u017caru w bloku, tajemniczych zw\u0142ok znalezionych na \u015brodku wiejskiej \ndrogi, zagadkowej \u015bmierci pracownika laboratorium i makabrycznych mord\u00f3w\n na przedmie\u015bciach. <\/strong><\/p>\n\n\n\n<p><strong>nie\n ma \u0142atwo w \u017cyciu prywatnym: zmaga si\u0119 z zaburzeniami l\u0119kowymi \nwywo\u0142anymi \u015bmierci\u0105 m\u0119\u017ca i jednocze\u015bnie samotnie wychowuje nastoletniego\n syna.<\/strong><\/p>\n","protected":false},"excerpt":{"rendered":"<p>2. SEZON KORONER &#8211; wtorki o 21:00, od 3 marca Jenny Cooper (Serinda Swan), koroner z Toronto, powraca w drugim sezonie kanadyjskiego serialu kryminalnego opartego na bestsellerowych powie\u015bciach M.R. Halla. W pracy Jenny mo\u017ce liczy\u0107 na wsparcie policjanta z wydzia\u0142u zab\u00f3jstw, Donovana McAvoya (Roger Cross), ale kobieta musi te\u017c si\u0119 upora\u0107 z problemami osobistymi. Niekt\u00f3re [&hellip;]<\/p>\n","protected":false},"author":1,"featured_media":0,"comment_status":"closed","ping_status":"closed","sticky":false,"template":"","format":"standard","meta":{"footnotes":""},"categories":[3],"tags":[],"class_list":["post-3091","post","type-post","status-publish","format-standard","hentry","category-aktualnosci"],"_links":{"self":[{"href":"https:\/\/www.tkk.net.pl\/index.php\/wp-json\/wp\/v2\/posts\/3091"}],"collection":[{"href":"https:\/\/www.tkk.net.pl\/index.php\/wp-json\/wp\/v2\/posts"}],"about":[{"href":"https:\/\/www.tkk.net.pl\/index.php\/wp-json\/wp\/v2\/types\/post"}],"author":[{"embeddable":true,"href":"https:\/\/www.tkk.net.pl\/index.php\/wp-json\/wp\/v2\/users\/1"}],"replies":[{"embeddable":true,"href":"https:\/\/www.tkk.net.pl\/index.php\/wp-json\/wp\/v2\/comments?post=3091"}],"version-history":[{"count":1,"href":"https:\/\/www.tkk.net.pl\/index.php\/wp-json\/wp\/v2\/posts\/3091\/revisions"}],"predecessor-version":[{"id":3097,"href":"https:\/\/www.tkk.net.pl\/index.php\/wp-json\/wp\/v2\/posts\/3091\/revisions\/3097"}],"wp:attachment":[{"href":"https:\/\/www.tkk.net.pl\/index.php\/wp-json\/wp\/v2\/media?parent=3091"}],"wp:term":[{"taxonomy":"category","embeddable":true,"href":"https:\/\/www.tkk.net.pl\/index.php\/wp-json\/wp\/v2\/categories?post=3091"},{"taxonomy":"post_tag","embeddable":true,"href":"https:\/\/www.tkk.net.pl\/index.php\/wp-json\/wp\/v2\/tags?post=3091"}],"curies":[{"name":"wp","href":"https:\/\/api.w.org\/{rel}","templated":true}]}}