{"id":3355,"date":"2020-12-11T20:18:34","date_gmt":"2020-12-11T20:18:34","guid":{"rendered":"https:\/\/www.tkk.net.pl\/?p=3355"},"modified":"2020-12-11T20:18:35","modified_gmt":"2020-12-11T20:18:35","slug":"maraton-runaways","status":"publish","type":"post","link":"https:\/\/www.tkk.net.pl\/index.php\/2020\/12\/11\/maraton-runaways\/","title":{"rendered":"Maraton Runaways"},"content":{"rendered":"\n<p>W soboty i niedziele 12-13 oraz 19-20 grudnia, \nod 16:15 Zapowiadana na stycze\u0144 premiera trzeciego sezonu tego \npopularnego serialu stanowi \u015bwietn\u0105 okazj\u0119 dla przypomnienia jego \nwcze\u015bniejszych odcink\u00f3w.<\/p>\n\n\n\n<p>Bohaterowie\n s\u0105dz\u0105, \u017ce jedyne co ich \u0142\u0105czy to fakt, \u017ce s\u0105 nastolatkami. Kiedy jednak\n odkrywaj\u0105, \u017ce ich rodzice maj\u0105 wsp\u00f3lny mroczny sekret, m\u0142odzi \u0142\u0105cz\u0105 \nsi\u0142y. Alex Wilder (Rhenzy Feliz) staje na czele ich grupy. <\/p>\n\n\n\n<p>S\u0105\n zdeterminowani, by pozna\u0107 tajemnic\u0119 doros\u0142ych i znale\u017a\u0107 spos\u00f3b, by si\u0119 \nim przeciwstawi\u0107, zanim b\u0119dzie za p\u00f3\u017ano. Fabu\u0142a serialu osadzona jest w \nuniwersum komiks\u00f3w Marvela.<\/p>\n\n\n\n<p>Wyst\u0119puj\u0105 Lyrica Okano, Virginia Gardner, Areila Barer, Gregg Sulkin i Allegra Acosta.<\/p>\n\n\n\n<figure class=\"wp-block-image\"><img loading=\"lazy\" decoding=\"async\" width=\"1024\" height=\"768\" src=\"https:\/\/www.tkk.net.pl\/wp-content\/uploads\/2020\/12\/Runaways_Marvel_S1-i-S2_1200x900-1024x768.jpg\" alt=\"\" class=\"wp-image-3358\" srcset=\"https:\/\/www.tkk.net.pl\/wp-content\/uploads\/2020\/12\/Runaways_Marvel_S1-i-S2_1200x900-1024x768.jpg 1024w, https:\/\/www.tkk.net.pl\/wp-content\/uploads\/2020\/12\/Runaways_Marvel_S1-i-S2_1200x900-300x225.jpg 300w, https:\/\/www.tkk.net.pl\/wp-content\/uploads\/2020\/12\/Runaways_Marvel_S1-i-S2_1200x900-768x576.jpg 768w, https:\/\/www.tkk.net.pl\/wp-content\/uploads\/2020\/12\/Runaways_Marvel_S1-i-S2_1200x900.jpg 1200w\" sizes=\"(max-width: 1024px) 100vw, 1024px\" \/><\/figure>\n","protected":false},"excerpt":{"rendered":"<p>W soboty i niedziele 12-13 oraz 19-20 grudnia, od 16:15 Zapowiadana na stycze\u0144 premiera trzeciego sezonu tego popularnego serialu stanowi \u015bwietn\u0105 okazj\u0119 dla przypomnienia jego wcze\u015bniejszych odcink\u00f3w. Bohaterowie s\u0105dz\u0105, \u017ce jedyne co ich \u0142\u0105czy to fakt, \u017ce s\u0105 nastolatkami. Kiedy jednak odkrywaj\u0105, \u017ce ich rodzice maj\u0105 wsp\u00f3lny mroczny sekret, m\u0142odzi \u0142\u0105cz\u0105 si\u0142y. Alex Wilder (Rhenzy [&hellip;]<\/p>\n","protected":false},"author":1,"featured_media":0,"comment_status":"closed","ping_status":"closed","sticky":false,"template":"","format":"standard","meta":{"footnotes":""},"categories":[3],"tags":[],"class_list":["post-3355","post","type-post","status-publish","format-standard","hentry","category-aktualnosci"],"_links":{"self":[{"href":"https:\/\/www.tkk.net.pl\/index.php\/wp-json\/wp\/v2\/posts\/3355"}],"collection":[{"href":"https:\/\/www.tkk.net.pl\/index.php\/wp-json\/wp\/v2\/posts"}],"about":[{"href":"https:\/\/www.tkk.net.pl\/index.php\/wp-json\/wp\/v2\/types\/post"}],"author":[{"embeddable":true,"href":"https:\/\/www.tkk.net.pl\/index.php\/wp-json\/wp\/v2\/users\/1"}],"replies":[{"embeddable":true,"href":"https:\/\/www.tkk.net.pl\/index.php\/wp-json\/wp\/v2\/comments?post=3355"}],"version-history":[{"count":1,"href":"https:\/\/www.tkk.net.pl\/index.php\/wp-json\/wp\/v2\/posts\/3355\/revisions"}],"predecessor-version":[{"id":3361,"href":"https:\/\/www.tkk.net.pl\/index.php\/wp-json\/wp\/v2\/posts\/3355\/revisions\/3361"}],"wp:attachment":[{"href":"https:\/\/www.tkk.net.pl\/index.php\/wp-json\/wp\/v2\/media?parent=3355"}],"wp:term":[{"taxonomy":"category","embeddable":true,"href":"https:\/\/www.tkk.net.pl\/index.php\/wp-json\/wp\/v2\/categories?post=3355"},{"taxonomy":"post_tag","embeddable":true,"href":"https:\/\/www.tkk.net.pl\/index.php\/wp-json\/wp\/v2\/tags?post=3355"}],"curies":[{"name":"wp","href":"https:\/\/api.w.org\/{rel}","templated":true}]}}